{"id":231,"date":"2022-05-17T18:11:11","date_gmt":"2022-05-17T18:11:11","guid":{"rendered":"http:\/\/difelfuerte.com.mx\/v2\/?p=231"},"modified":"2022-05-17T18:14:57","modified_gmt":"2022-05-17T18:14:57","slug":"celebra-sistema-dif-el-fuerte-a-nuestra-ninez","status":"publish","type":"post","link":"https:\/\/difelfuerte.com.mx\/v2\/?p=231","title":{"rendered":"Celebra Sistema DIF El Fuerte a nuestra ni\u00f1ez"},"content":{"rendered":"\n<figure class=\"wp-block-image size-large\"><img loading=\"lazy\" decoding=\"async\" width=\"1024\" height=\"683\" src=\"http:\/\/difelfuerte.com.mx\/v2\/wp-content\/uploads\/2022\/05\/dia-de-nino-1024x683.jpg\" alt=\"\" class=\"wp-image-232\" srcset=\"https:\/\/difelfuerte.com.mx\/v2\/wp-content\/uploads\/2022\/05\/dia-de-nino-1024x683.jpg 1024w, https:\/\/difelfuerte.com.mx\/v2\/wp-content\/uploads\/2022\/05\/dia-de-nino-300x200.jpg 300w, https:\/\/difelfuerte.com.mx\/v2\/wp-content\/uploads\/2022\/05\/dia-de-nino-768x512.jpg 768w, https:\/\/difelfuerte.com.mx\/v2\/wp-content\/uploads\/2022\/05\/dia-de-nino-1536x1024.jpg 1536w, https:\/\/difelfuerte.com.mx\/v2\/wp-content\/uploads\/2022\/05\/dia-de-nino-90x60.jpg 90w, https:\/\/difelfuerte.com.mx\/v2\/wp-content\/uploads\/2022\/05\/dia-de-nino.jpg 1728w\" sizes=\"(max-width: 1024px) 100vw, 1024px\" \/><\/figure>\n\n\n\n<p><\/p>\n\n\n\n<p>El H. Ayuntamiento de El Fuerte y el Sistema DIF El Fuerte celebran el d\u00eda de el ni\u00f1o.La alegr\u00eda y diversi\u00f3n prevaleci\u00f3 en todo momento, Los peque\u00f1os disfrutaron de juegos, comida, dulces, m\u00fasica y actividades recreativas. Asisti\u00f3 el Presidente municipal Prof. Gildardo Leyva Ortega, la presidenta del Sistema DIF El Fuerte Sra. Laura Ledezma y la directora Carmen Ortega.<\/p>\n","protected":false},"excerpt":{"rendered":"<p>El H. Ayuntamiento de El Fuerte y el Sistema DIF El Fuerte celebran el d\u00eda de el ni\u00f1o.La alegr\u00eda y diversi\u00f3n prevaleci\u00f3 en todo momento, Los peque\u00f1os disfrutaron de juegos, comida, dulces, m\u00fasica y actividades<\/p>\n<a href=\"https:\/\/difelfuerte.com.mx\/v2\/?p=231\" class=\"btn frontech-btn\"><span><\/span>Leer m\u00e1s<\/a>","protected":false},"author":1,"featured_media":232,"comment_status":"closed","ping_status":"closed","sticky":false,"template":"","format":"standard","meta":{"footnotes":""},"categories":[3,1],"tags":[],"class_list":["post-231","post","type-post","status-publish","format-standard","has-post-thumbnail","hentry","category-boletines","category-uncategorized"],"_links":{"self":[{"href":"https:\/\/difelfuerte.com.mx\/v2\/index.php?rest_route=\/wp\/v2\/posts\/231"}],"collection":[{"href":"https:\/\/difelfuerte.com.mx\/v2\/index.php?rest_route=\/wp\/v2\/posts"}],"about":[{"href":"https:\/\/difelfuerte.com.mx\/v2\/index.php?rest_route=\/wp\/v2\/types\/post"}],"author":[{"embeddable":true,"href":"https:\/\/difelfuerte.com.mx\/v2\/index.php?rest_route=\/wp\/v2\/users\/1"}],"replies":[{"embeddable":true,"href":"https:\/\/difelfuerte.com.mx\/v2\/index.php?rest_route=%2Fwp%2Fv2%2Fcomments&post=231"}],"version-history":[{"count":2,"href":"https:\/\/difelfuerte.com.mx\/v2\/index.php?rest_route=\/wp\/v2\/posts\/231\/revisions"}],"predecessor-version":[{"id":234,"href":"https:\/\/difelfuerte.com.mx\/v2\/index.php?rest_route=\/wp\/v2\/posts\/231\/revisions\/234"}],"wp:featuredmedia":[{"embeddable":true,"href":"https:\/\/difelfuerte.com.mx\/v2\/index.php?rest_route=\/wp\/v2\/media\/232"}],"wp:attachment":[{"href":"https:\/\/difelfuerte.com.mx\/v2\/index.php?rest_route=%2Fwp%2Fv2%2Fmedia&parent=231"}],"wp:term":[{"taxonomy":"category","embeddable":true,"href":"https:\/\/difelfuerte.com.mx\/v2\/index.php?rest_route=%2Fwp%2Fv2%2Fcategories&post=231"},{"taxonomy":"post_tag","embeddable":true,"href":"https:\/\/difelfuerte.com.mx\/v2\/index.php?rest_route=%2Fwp%2Fv2%2Ftags&post=231"}],"curies":[{"name":"wp","href":"https:\/\/api.w.org\/{rel}","templated":true}]}}